{"id":177,"date":"2026-07-29T11:44:17","date_gmt":"2026-07-29T09:44:17","guid":{"rendered":"https:\/\/phs55.lautre.net\/bota\/?p=177"},"modified":"2026-08-05T14:26:36","modified_gmt":"2026-08-05T12:26:36","slug":"les-noms-des-plantes","status":"publish","type":"post","link":"https:\/\/phs55.lautre.net\/bota\/les-noms-des-plantes\/","title":{"rendered":"Les noms des plantes"},"content":{"rendered":"\n<div class=\"wp-block-columns is-layout-flex wp-container-core-columns-is-layout-8f761849 wp-block-columns-is-layout-flex\">\n<div class=\"wp-block-column is-layout-flow wp-block-column-is-layout-flow\" style=\"flex-basis:33.33%\">\n<figure class=\"wp-block-image size-large is-resized\"><img decoding=\"async\" src=\"https:\/\/products-images.di-static.com\/image\/raynal-roques-aline-la-botanique-redecouverte\/9782701116105-475x500-1.webp\" alt=\"\" style=\"aspect-ratio:0.6660072887508538;width:157px;height:auto\"\/><\/figure>\n<\/div>\n\n\n\n<div class=\"wp-block-column is-layout-flow wp-block-column-is-layout-flow\" style=\"flex-basis:66.66%\">\n<p class=\"wp-block-paragraph\">Un excellent livre  !<br><br>\u00ab La botanique red\u00e9couverte \u00bb de Aline Raynal-Roques chez Belin <\/p>\n\n\n\n<p class=\"wp-block-paragraph\">Une soixantaine de pages y sont consacr\u00e9es au nommage des plantes, \u00e0 la taxonomie.<br><br><br>Un nom est bien utile \u00e0 la d\u00e9signation des plantes, et il serait bien que chaque plante soit connue sous un nom unique &#8230; mais tel n&rsquo;est pas le cas !<\/p>\n<\/div>\n<\/div>\n\n\n\n<h3 class=\"wp-block-heading\">Les noms vernaculaires<\/h3>\n\n\n\n<p class=\"wp-block-paragraph\">Nom vernaculaire : nom d&rsquo;un animal ou d&rsquo;une plante dans la langue courante (le nom scientifique \u00e9tant donn\u00e9 en latin). Dictionnaire Petit Robert 2009<\/p>\n\n\n\n<p class=\"wp-block-paragraph\">Dans toutes les civilisations, les plantes connues, utilis\u00e9es ou dangereuses ont \u00e9t\u00e9 nomm\u00e9es. Mais rien n&rsquo;est simple dans le nommage d&rsquo;une plante, ce qui pourtant est n\u00e9cessaire pour identifier de mani\u00e8re s\u00fbre une plante. <\/p>\n\n\n\n<p class=\"wp-block-paragraph\">Par exemple, un m\u00eame nom peut d\u00e9signer plusieurs esp\u00e8ces diff\u00e9rentes : <br>La \u00ab Queue de renard \u00bb peut d\u00e9signer Amaranthus caudatus, Alopecurus pratensis, Carex vulpina et bien d&rsquo;autres esp\u00e8ces encore.<\/p>\n\n\n\n<p class=\"wp-block-paragraph\">Une m\u00eame esp\u00e8ce peut \u00eatre d\u00e9sign\u00e9e sous diff\u00e9rents noms vernaculaires : <br>Par exemple \u00ab Hepatica nobilis \u00bb est connue, rien qu&rsquo;en France, sous An\u00e9mone h\u00e9patique, H\u00e9patique noble, H\u00e9patique \u00e0 trois lobes, Herbe au foie, Herbe de la Trinit\u00e9.<br><br>Et puis il ne faut pas confondre les \u00ablauriers\u00bb, laurier-sauce (Laurus nobilis) qu&rsquo;on utilise en cuisine, laurier-des-bois (Daphne laureola) tr\u00e8s toxique, tout comme plusieurs autres lauriers!<br><br>Sans parler de ces noms de plantes dans d&rsquo;autres langues, l&rsquo;anglais, l&rsquo;allemand, l&rsquo;italien, l&rsquo;espagnol, le portugais&#8230;.<\/p>\n\n\n\n<p class=\"wp-block-paragraph\">C&rsquo;est pourquoi, de longue date, les botanistes ont pr\u00e9conis\u00e9 l&#8217;emploi d&rsquo;une langue unique, bien avant Carl von Linn\u00e9, naturaliste su\u00e9dois,  n\u00e9 le 23 mai 1707 et mort le 10 janvier 1778. Et \u00e0 ces \u00e9poques, la langue scientifique universelle \u00e9tait le latin. <\/p>\n\n\n\n<h3 class=\"wp-block-heading\">Nom binominal<\/h3>\n\n\n\n<p class=\"wp-block-paragraph\">C&rsquo;est Carl von Linn\u00e9 qui normalisa le nom des plantes en latin. <br>Chaque esp\u00e8ce appartient \u00e0 un genre, le nom d&rsquo;une esp\u00e8ce est donc compos\u00e9 de deux mots :<br>&#8211;  le nom du genre, \u00e9crit avec une premi\u00e8re lettre majuscule.<br>&#8211;  une \u00e9pith\u00e8te qui d\u00e9signe l&rsquo;esp\u00e8ce \u00e0 l&rsquo;int\u00e9rieur du genre, \u00e9crite avec une premi\u00e8re lettre minuscule. <\/p>\n\n\n\n<p class=\"wp-block-paragraph\">Par exemple, le genre \u00abGentiana \u00bb regroupe environ 400 esp\u00e8ces des milieux montagnards :<br>&#8211; Gentiana alpina<br>&#8211; Gentiana alba<br>&#8211; Gentiana aquatica<br>&#8211; Gentiana lutea<br>etc&#8230;<br><\/p>\n\n\n\n<h3 class=\"wp-block-heading\">IPNI<\/h3>\n\n\n\n<p class=\"wp-block-paragraph\">L&rsquo;IPNI, pour \u00ab International Plant Names Index \u00bb ou \u00abIndex International des Noms de Plantes \u00bb recense l&rsquo;ensemble de tous les noms de plantes de la plan\u00e8te, valid\u00e9s par la communaut\u00e9 scientifique.  <br><br>L&rsquo;IPNI est une collaboration entre The Royal Botanic Gardens de Kew,\u202fThe Harvard University Herbaria,  and\u202fThe Australian National Herbarium hosted by the Royal Botanic Gardens de Kew  (KEW est un quartier de Londres c\u00e9l\u00e8bre pour ses jardins botaniques royaux).  <\/p>\n\n\n\n<h3 class=\"wp-block-heading\">Nom de l&rsquo;auteur de la description<\/h3>\n\n\n\n<p class=\"wp-block-paragraph\">L&rsquo;esp\u00e8ce d\u00e9crite et nomm\u00e9e sera suivi du nom de l&rsquo;auteur responsable de la publication de cette nouvelle esp\u00e8ce.<br><em>Thymus serpyllum<\/em> L.    L. pour Linn\u00e9<br>Lam. est l&rsquo;abr\u00e9viation de Lamarck<br>etc&#8230;<\/p>\n\n\n\n<h3 class=\"wp-block-heading\">La notion de sous-esp\u00e8ce<\/h3>\n\n\n\n<p class=\"wp-block-paragraph\">Au sein d&rsquo;une m\u00eame esp\u00e8ces peuvent apparaitre des distinctions peu importantes. Les sous-esp\u00e8ces restent interfertiles entre elles&#8230; mais ces sous-esp\u00e8ces sont isol\u00e9s les unes des autres, souvent pour des raisons g\u00e9ographiques. <\/p>\n\n\n\n<div class=\"wp-block-columns is-layout-flex wp-container-core-columns-is-layout-8f761849 wp-block-columns-is-layout-flex\">\n<div class=\"wp-block-column is-layout-flow wp-block-column-is-layout-flow\" style=\"flex-basis:33.33%\">\n<figure class=\"wp-block-image size-large is-resized\"><img decoding=\"async\" src=\"https:\/\/www.plantdavenir.com\/cdn\/shop\/files\/LinumPerenne_CloseUp01.jpg?v=1770822562\" alt=\"\" style=\"width:162px;height:auto\"\/><\/figure>\n<\/div>\n\n\n\n<div class=\"wp-block-column is-layout-flow wp-block-column-is-layout-flow\" style=\"flex-basis:66.66%\">\n<p class=\"wp-block-paragraph\">Par exemple <em>Linum perenne<\/em><br><br><em>Linum perenne<\/em> subsp. <em>anglicum<\/em>      Iles britaniques<br><em>Linum perenne<\/em> subsp. <em>alpinum<\/em>        Pyr\u00e9n\u00e9es, Alpes,Apennins, Oural<br><em>Linum perenne<\/em> subsp. <em>montanum<\/em>     Jura, Alpes du nord<br><em>Linum perenne<\/em> subsp. <em>extraaxillare <\/em>Carpates, montagne des Balkans <br> <\/p>\n<\/div>\n<\/div>\n\n\n\n<h3 class=\"wp-block-heading\">Les variantes<\/h3>\n\n\n\n<p class=\"wp-block-paragraph\">Si dans des conditions naturelles, les plantes peuvent cro\u00eetre ensemble, on parlera de \u00abvariante\u00bb. Le taux de dissemblance de deux variantes est plus faible que pour les sous-esp\u00e8ces.<br><em>Leonotis nepetifolia <\/em>(une labi\u00e9e) est connue sous deux aspects, <em>Leonotis nepetifolia<\/em> var. <em>nepetifolia<\/em> et <em>Leonotis nepetifolia<\/em> var. <em>africana<\/em><br><\/p>\n\n\n\n<p class=\"wp-block-paragraph\"><\/p>\n","protected":false},"excerpt":{"rendered":"<p>Un excellent livre ! \u00ab La botanique red\u00e9couverte \u00bb de Aline Raynal-Roques chez Belin Une soixantaine de pages y sont consacr\u00e9es au nommage des plantes, \u00e0 la taxonomie. Un nom&hellip;<\/p>\n","protected":false},"author":1,"featured_media":0,"comment_status":"closed","ping_status":"","sticky":false,"template":"","format":"standard","meta":{"footnotes":""},"categories":[9],"tags":[],"class_list":["post-177","post","type-post","status-publish","format-standard","hentry","category-nomenclature"],"_links":{"self":[{"href":"https:\/\/phs55.lautre.net\/bota\/wp-json\/wp\/v2\/posts\/177","targetHints":{"allow":["GET"]}}],"collection":[{"href":"https:\/\/phs55.lautre.net\/bota\/wp-json\/wp\/v2\/posts"}],"about":[{"href":"https:\/\/phs55.lautre.net\/bota\/wp-json\/wp\/v2\/types\/post"}],"author":[{"embeddable":true,"href":"https:\/\/phs55.lautre.net\/bota\/wp-json\/wp\/v2\/users\/1"}],"replies":[{"embeddable":true,"href":"https:\/\/phs55.lautre.net\/bota\/wp-json\/wp\/v2\/comments?post=177"}],"version-history":[{"count":14,"href":"https:\/\/phs55.lautre.net\/bota\/wp-json\/wp\/v2\/posts\/177\/revisions"}],"predecessor-version":[{"id":194,"href":"https:\/\/phs55.lautre.net\/bota\/wp-json\/wp\/v2\/posts\/177\/revisions\/194"}],"wp:attachment":[{"href":"https:\/\/phs55.lautre.net\/bota\/wp-json\/wp\/v2\/media?parent=177"}],"wp:term":[{"taxonomy":"category","embeddable":true,"href":"https:\/\/phs55.lautre.net\/bota\/wp-json\/wp\/v2\/categories?post=177"},{"taxonomy":"post_tag","embeddable":true,"href":"https:\/\/phs55.lautre.net\/bota\/wp-json\/wp\/v2\/tags?post=177"}],"curies":[{"name":"wp","href":"https:\/\/api.w.org\/{rel}","templated":true}]}}